{"id":6785,"date":"2022-10-03T05:27:15","date_gmt":"2022-10-03T04:27:15","guid":{"rendered":"https:\/\/www.fidesco-international.org\/de\/?p=6785"},"modified":"2022-10-03T05:27:15","modified_gmt":"2022-10-03T04:27:15","slug":"karel-in-ruanda-4","status":"publish","type":"post","link":"https:\/\/www.fidesco-international.org\/de\/2022\/10\/karel-in-ruanda-4\/","title":{"rendered":"Karel in Ruanda 4"},"content":{"rendered":"<p>H\u00f6hepunkt von Karels Besuch in Ruanda war die Feier im Stra\u00dfenkinderzentrum. Er berichtet:<\/p>\n<p>Heute feierten wir 30-Jahre Zentrum Rugamba, angefangen mit einer Messe. Kardinal Antoine Kambanda von Kigali stand der Feier vor, unterst\u00fctzt wurde er durch den Bischof von Kibungo und mehrere Priester der Gemeinschaft Emmanuel.<\/p>\n<p><a href=\"https:\/\/www.fidesco-international.org\/de\/wp-content\/uploads\/sites\/2\/2022\/10\/Feier-4.jpeg\"><img loading=\"lazy\" decoding=\"async\" class=\"alignnone size-medium wp-image-6789\" src=\"https:\/\/www.fidesco-international.org\/de\/wp-content\/uploads\/sites\/2\/2022\/10\/Feier-4-225x300.jpeg\" alt=\"\" width=\"225\" height=\"300\" srcset=\"https:\/\/www.fidesco-international.org\/de\/wp-content\/uploads\/sites\/2\/2022\/10\/Feier-4-225x300.jpeg 225w, https:\/\/www.fidesco-international.org\/de\/wp-content\/uploads\/sites\/2\/2022\/10\/Feier-4-768x1024.jpeg 768w, https:\/\/www.fidesco-international.org\/de\/wp-content\/uploads\/sites\/2\/2022\/10\/Feier-4-1152x1536.jpeg 1152w, https:\/\/www.fidesco-international.org\/de\/wp-content\/uploads\/sites\/2\/2022\/10\/Feier-4-510x680.jpeg 510w, https:\/\/www.fidesco-international.org\/de\/wp-content\/uploads\/sites\/2\/2022\/10\/Feier-4-75x100.jpeg 75w, https:\/\/www.fidesco-international.org\/de\/wp-content\/uploads\/sites\/2\/2022\/10\/Feier-4.jpeg 1200w\" sizes=\"auto, (max-width: 225px) 100vw, 225px\" \/><\/a><\/p>\n<p>Anschlie\u00dfend gab es mehrere Reden &#8211; auch meine &#8211; auf Kinyarwanda.<\/p>\n<p><a href=\"https:\/\/www.fidesco-international.org\/de\/wp-content\/uploads\/sites\/2\/2022\/10\/Feier-3.jpeg\"><img loading=\"lazy\" decoding=\"async\" class=\"alignnone size-medium wp-image-6788\" src=\"https:\/\/www.fidesco-international.org\/de\/wp-content\/uploads\/sites\/2\/2022\/10\/Feier-3-225x300.jpeg\" alt=\"\" width=\"225\" height=\"300\" srcset=\"https:\/\/www.fidesco-international.org\/de\/wp-content\/uploads\/sites\/2\/2022\/10\/Feier-3-225x300.jpeg 225w, https:\/\/www.fidesco-international.org\/de\/wp-content\/uploads\/sites\/2\/2022\/10\/Feier-3-768x1024.jpeg 768w, https:\/\/www.fidesco-international.org\/de\/wp-content\/uploads\/sites\/2\/2022\/10\/Feier-3-1152x1536.jpeg 1152w, https:\/\/www.fidesco-international.org\/de\/wp-content\/uploads\/sites\/2\/2022\/10\/Feier-3-510x680.jpeg 510w, https:\/\/www.fidesco-international.org\/de\/wp-content\/uploads\/sites\/2\/2022\/10\/Feier-3-75x100.jpeg 75w, https:\/\/www.fidesco-international.org\/de\/wp-content\/uploads\/sites\/2\/2022\/10\/Feier-3.jpeg 1200w\" sizes=\"auto, (max-width: 225px) 100vw, 225px\" \/><\/a><\/p>\n<p>Es waren auch viele ehemalige Stra\u00dfenkinder dabei, wie Emmanuel, den ich seit etwa 15 Jahren kenne. Mit Hilfe des Projekts wurde er Automechaniker. Er hatte seinen kleiner Sohn Samuel dabei.<\/p>\n<p><a href=\"https:\/\/www.fidesco-international.org\/de\/wp-content\/uploads\/sites\/2\/2022\/10\/Feier-1.jpeg\"><img loading=\"lazy\" decoding=\"async\" class=\"alignnone size-medium wp-image-6786\" src=\"https:\/\/www.fidesco-international.org\/de\/wp-content\/uploads\/sites\/2\/2022\/10\/Feier-1-225x300.jpeg\" alt=\"\" width=\"225\" height=\"300\" srcset=\"https:\/\/www.fidesco-international.org\/de\/wp-content\/uploads\/sites\/2\/2022\/10\/Feier-1-225x300.jpeg 225w, https:\/\/www.fidesco-international.org\/de\/wp-content\/uploads\/sites\/2\/2022\/10\/Feier-1-768x1024.jpeg 768w, https:\/\/www.fidesco-international.org\/de\/wp-content\/uploads\/sites\/2\/2022\/10\/Feier-1-1152x1536.jpeg 1152w, https:\/\/www.fidesco-international.org\/de\/wp-content\/uploads\/sites\/2\/2022\/10\/Feier-1-510x680.jpeg 510w, https:\/\/www.fidesco-international.org\/de\/wp-content\/uploads\/sites\/2\/2022\/10\/Feier-1-75x100.jpeg 75w, https:\/\/www.fidesco-international.org\/de\/wp-content\/uploads\/sites\/2\/2022\/10\/Feier-1.jpeg 1200w\" sizes=\"auto, (max-width: 225px) 100vw, 225px\" \/><\/a><\/p>\n<p>Salomon war 1995 eines der ersten Stra\u00dfenkinder. Jetzt ist er Maurer und mit einer Sozialarbeiterin verheiratet. Vor etwa 8 Jahre hat das Paar ein Stra\u00dfenkind, er hei\u00dft auch Emmanuel, adoptiert. Beide waren da.<\/p>\n<p><a href=\"https:\/\/www.fidesco-international.org\/de\/wp-content\/uploads\/sites\/2\/2022\/10\/Feier-2.jpeg\"><img loading=\"lazy\" decoding=\"async\" class=\"alignnone size-medium wp-image-6787\" src=\"https:\/\/www.fidesco-international.org\/de\/wp-content\/uploads\/sites\/2\/2022\/10\/Feier-2-225x300.jpeg\" alt=\"\" width=\"225\" height=\"300\" srcset=\"https:\/\/www.fidesco-international.org\/de\/wp-content\/uploads\/sites\/2\/2022\/10\/Feier-2-225x300.jpeg 225w, https:\/\/www.fidesco-international.org\/de\/wp-content\/uploads\/sites\/2\/2022\/10\/Feier-2-768x1024.jpeg 768w, https:\/\/www.fidesco-international.org\/de\/wp-content\/uploads\/sites\/2\/2022\/10\/Feier-2-1152x1536.jpeg 1152w, https:\/\/www.fidesco-international.org\/de\/wp-content\/uploads\/sites\/2\/2022\/10\/Feier-2-510x680.jpeg 510w, https:\/\/www.fidesco-international.org\/de\/wp-content\/uploads\/sites\/2\/2022\/10\/Feier-2-75x100.jpeg 75w, https:\/\/www.fidesco-international.org\/de\/wp-content\/uploads\/sites\/2\/2022\/10\/Feier-2.jpeg 1200w\" sizes=\"auto, (max-width: 225px) 100vw, 225px\" \/><\/a><\/p>\n<p>Nach den Reden gab es traditionelle T\u00e4nze und als Abschluss etwas zu essen und zu trinken f\u00fcr alle.<\/p>\n<p>&nbsp;<\/p>\n<div class=\"su-button-center\"><a href=\"https:\/\/secure.spendenbank.de\/form\/1226\/?langid=1&#038;verwendungszweck=26027\" class=\"su-button su-button-style-default\" style=\"color:#ffffff;background-color:#cd111a;border-color:#a40e15;border-radius:12px\" target=\"_blank\" rel=\"noopener noreferrer\"><span style=\"color:#ffffff;padding:0px 30px;font-size:22px;line-height:44px;border-color:#dc595f;border-radius:12px;text-shadow:none\"> Hier k\u00f6nnen Sie f\u00fcr unser Stra\u00dfenkinderzentrum spenden!<\/span><\/a><\/div>\n","protected":false},"excerpt":{"rendered":"<p>H\u00f6hepunkt von Karels Besuch in Ruanda war die Feier im Stra\u00dfenkinderzentrum. Er berichtet: Heute feierten wir 30-Jahre Zentrum Rugamba, angefangen mit einer Messe. Kardinal Antoine Kambanda von Kigali stand der Feier vor, unterst\u00fctzt wurde er durch den Bischof von Kibungo und mehrere Priester der Gemeinschaft Emmanuel. Anschlie\u00dfend gab es mehrere Reden &#8211; auch meine &#8211; [&hellip;]<\/p>\n","protected":false},"author":9,"featured_media":6790,"comment_status":"closed","ping_status":"open","sticky":false,"template":"","format":"standard","meta":{"footnotes":""},"categories":[1],"tags":[],"class_list":["post-6785","post","type-post","status-publish","format-standard","has-post-thumbnail","hentry","category-uncategorized"],"acf":[],"_links":{"self":[{"href":"https:\/\/www.fidesco-international.org\/de\/wp-json\/wp\/v2\/posts\/6785","targetHints":{"allow":["GET"]}}],"collection":[{"href":"https:\/\/www.fidesco-international.org\/de\/wp-json\/wp\/v2\/posts"}],"about":[{"href":"https:\/\/www.fidesco-international.org\/de\/wp-json\/wp\/v2\/types\/post"}],"author":[{"embeddable":true,"href":"https:\/\/www.fidesco-international.org\/de\/wp-json\/wp\/v2\/users\/9"}],"replies":[{"embeddable":true,"href":"https:\/\/www.fidesco-international.org\/de\/wp-json\/wp\/v2\/comments?post=6785"}],"version-history":[{"count":2,"href":"https:\/\/www.fidesco-international.org\/de\/wp-json\/wp\/v2\/posts\/6785\/revisions"}],"predecessor-version":[{"id":6792,"href":"https:\/\/www.fidesco-international.org\/de\/wp-json\/wp\/v2\/posts\/6785\/revisions\/6792"}],"wp:featuredmedia":[{"embeddable":true,"href":"https:\/\/www.fidesco-international.org\/de\/wp-json\/wp\/v2\/media\/6790"}],"wp:attachment":[{"href":"https:\/\/www.fidesco-international.org\/de\/wp-json\/wp\/v2\/media?parent=6785"}],"wp:term":[{"taxonomy":"category","embeddable":true,"href":"https:\/\/www.fidesco-international.org\/de\/wp-json\/wp\/v2\/categories?post=6785"},{"taxonomy":"post_tag","embeddable":true,"href":"https:\/\/www.fidesco-international.org\/de\/wp-json\/wp\/v2\/tags?post=6785"}],"curies":[{"name":"wp","href":"https:\/\/api.w.org\/{rel}","templated":true}]}}