{"id":7385,"date":"2023-10-25T06:46:26","date_gmt":"2023-10-25T05:46:26","guid":{"rendered":"https:\/\/www.fidesco-international.org\/de\/?p=7385"},"modified":"2023-10-25T08:12:18","modified_gmt":"2023-10-25T07:12:18","slug":"trommeln-gehoert-zu-handwerk","status":"publish","type":"post","link":"https:\/\/www.fidesco-international.org\/de\/2023\/10\/trommeln-gehoert-zu-handwerk\/","title":{"rendered":"Trommeln geh\u00f6rt zu Handwerk &#8230;"},"content":{"rendered":"<p>Kathrin Dusserre, unsere Gesch\u00e4ftsf\u00fchrerin, hat beim Sommerforum in Alt\u00f6tting zusammen mit ihrer Trommelcombo ein &#8222;lautes Zeichen&#8220; f\u00fcr die Hoffnung gesetzt. Kaum zu glauben, dass dieser wunderbare Auftritt schon wieder ein viertel Jahr her ist. Sch\u00f6n wars und wir schauen voll Freude darauf zur\u00fcck. Wir freuen uns schon auf das Forum im kommenden Sommer von 1. \u2013 4. August 2024.<\/p>\n<p>In der Zwischenzeit arbeiten wir daran, dass diese Hoffnung Wirklichkeit wird und Sie k\u00f6nnen dabei mithelfen, indem Sie unsere <a href=\"https:\/\/secure.spendenbank.de\/form\/1226?langid=1\" target=\"_blank\" rel=\"noopener\">Projekte und unsere Volont\u00e4re<\/a> unterst\u00fctzen.<\/p>\n<p>Oder Sie wollen selbst als Volont\u00e4r auf Mission gehen? <a href=\"https:\/\/www.fidesco-international.org\/de\/evt\/infotag\/\" target=\"_blank\" rel=\"noopener\">Dann gehts hier lang!<\/a><\/p>\n<p>&nbsp;<\/p>\n","protected":false},"excerpt":{"rendered":"<p>Kathrin Dusserre, unsere Gesch\u00e4ftsf\u00fchrerin, hat beim Sommerforum in Alt\u00f6tting zusammen mit ihrer Trommelcombo ein &#8222;lautes Zeichen&#8220; f\u00fcr die Hoffnung gesetzt. Kaum zu glauben, dass dieser wunderbare Auftritt schon wieder ein viertel Jahr her ist. Sch\u00f6n wars und wir schauen voll Freude darauf zur\u00fcck. Wir freuen uns schon auf das Forum im kommenden Sommer von 1. [&hellip;]<\/p>\n","protected":false},"author":9,"featured_media":7386,"comment_status":"closed","ping_status":"open","sticky":false,"template":"","format":"standard","meta":{"footnotes":""},"categories":[25],"tags":[32,31],"class_list":["post-7385","post","type-post","status-publish","format-standard","has-post-thumbnail","hentry","category-foren-festivals","tag-handwerk","tag-trommeln"],"acf":[],"_links":{"self":[{"href":"https:\/\/www.fidesco-international.org\/de\/wp-json\/wp\/v2\/posts\/7385","targetHints":{"allow":["GET"]}}],"collection":[{"href":"https:\/\/www.fidesco-international.org\/de\/wp-json\/wp\/v2\/posts"}],"about":[{"href":"https:\/\/www.fidesco-international.org\/de\/wp-json\/wp\/v2\/types\/post"}],"author":[{"embeddable":true,"href":"https:\/\/www.fidesco-international.org\/de\/wp-json\/wp\/v2\/users\/9"}],"replies":[{"embeddable":true,"href":"https:\/\/www.fidesco-international.org\/de\/wp-json\/wp\/v2\/comments?post=7385"}],"version-history":[{"count":3,"href":"https:\/\/www.fidesco-international.org\/de\/wp-json\/wp\/v2\/posts\/7385\/revisions"}],"predecessor-version":[{"id":7389,"href":"https:\/\/www.fidesco-international.org\/de\/wp-json\/wp\/v2\/posts\/7385\/revisions\/7389"}],"wp:featuredmedia":[{"embeddable":true,"href":"https:\/\/www.fidesco-international.org\/de\/wp-json\/wp\/v2\/media\/7386"}],"wp:attachment":[{"href":"https:\/\/www.fidesco-international.org\/de\/wp-json\/wp\/v2\/media?parent=7385"}],"wp:term":[{"taxonomy":"category","embeddable":true,"href":"https:\/\/www.fidesco-international.org\/de\/wp-json\/wp\/v2\/categories?post=7385"},{"taxonomy":"post_tag","embeddable":true,"href":"https:\/\/www.fidesco-international.org\/de\/wp-json\/wp\/v2\/tags?post=7385"}],"curies":[{"name":"wp","href":"https:\/\/api.w.org\/{rel}","templated":true}]}}