{"id":7421,"date":"2023-12-11T06:54:25","date_gmt":"2023-12-11T05:54:25","guid":{"rendered":"https:\/\/www.fidesco-international.org\/de\/?p=7421"},"modified":"2023-12-11T06:56:34","modified_gmt":"2023-12-11T05:56:34","slug":"mehr-2024","status":"publish","type":"post","link":"https:\/\/www.fidesco-international.org\/de\/2023\/12\/mehr-2024\/","title":{"rendered":"Mehr 2024"},"content":{"rendered":"<p>Ja, wir sind auch wieder dabei bei der MEHR. Zusammen mit der Gemeinschaft Emmanuel sind wir am Stand 7D42 zu finden.<\/p>\n<p>Auf dem Beitragsfoto oben fehlt aber noch etwas ganz wichtiges, n\u00e4mlich Sie. Wir freuen uns darauf Sie kennenzulernen, gute Gespr\u00e4che zu f\u00fchren und Ihnen zu erz\u00e4hlen, wie man mit Fidesco in katholischen Projekten ein bis zwei Jahre arbeiten kann.<\/p>\n<p>Ein Team, bestehend aus ehemaligen Fidesco-Volont\u00e4rinnen und Fidesco-Mitarbeiterinnen, erwarten Sie vom 04.-07.01. 2024 an unserem Stand.<\/p>\n<p>&nbsp;<\/p>\n<p>Unten: Impressionen von der MEHR 2020<\/p>\n<p><a href=\"https:\/\/www.fidesco-international.org\/de\/wp-content\/uploads\/sites\/2\/2023\/12\/ehem-hp.jpg\"><img loading=\"lazy\" decoding=\"async\" class=\"alignnone size-medium wp-image-7425\" src=\"https:\/\/www.fidesco-international.org\/de\/wp-content\/uploads\/sites\/2\/2023\/12\/ehem-hp-300x200.jpg\" alt=\"\" width=\"300\" height=\"200\" srcset=\"https:\/\/www.fidesco-international.org\/de\/wp-content\/uploads\/sites\/2\/2023\/12\/ehem-hp-300x200.jpg 300w, https:\/\/www.fidesco-international.org\/de\/wp-content\/uploads\/sites\/2\/2023\/12\/ehem-hp-100x67.jpg 100w, https:\/\/www.fidesco-international.org\/de\/wp-content\/uploads\/sites\/2\/2023\/12\/ehem-hp.jpg 394w\" sizes=\"auto, (max-width: 300px) 100vw, 300px\" \/><\/a> <a href=\"https:\/\/www.fidesco-international.org\/de\/wp-content\/uploads\/sites\/2\/2023\/12\/Gerd-im-Gespraech-HP.jpg\"><img loading=\"lazy\" decoding=\"async\" class=\"alignnone size-medium wp-image-7426\" src=\"https:\/\/www.fidesco-international.org\/de\/wp-content\/uploads\/sites\/2\/2023\/12\/Gerd-im-Gespraech-HP-300x200.jpg\" alt=\"\" width=\"300\" height=\"200\" srcset=\"https:\/\/www.fidesco-international.org\/de\/wp-content\/uploads\/sites\/2\/2023\/12\/Gerd-im-Gespraech-HP-300x200.jpg 300w, https:\/\/www.fidesco-international.org\/de\/wp-content\/uploads\/sites\/2\/2023\/12\/Gerd-im-Gespraech-HP-100x67.jpg 100w, https:\/\/www.fidesco-international.org\/de\/wp-content\/uploads\/sites\/2\/2023\/12\/Gerd-im-Gespraech-HP.jpg 394w\" sizes=\"auto, (max-width: 300px) 100vw, 300px\" \/><\/a> <a href=\"https:\/\/www.fidesco-international.org\/de\/wp-content\/uploads\/sites\/2\/2023\/12\/Gespraeche-am-Stand-HP.jpg\"><img loading=\"lazy\" decoding=\"async\" class=\"alignnone size-medium wp-image-7427\" src=\"https:\/\/www.fidesco-international.org\/de\/wp-content\/uploads\/sites\/2\/2023\/12\/Gespraeche-am-Stand-HP-300x200.jpg\" alt=\"\" width=\"300\" height=\"200\" srcset=\"https:\/\/www.fidesco-international.org\/de\/wp-content\/uploads\/sites\/2\/2023\/12\/Gespraeche-am-Stand-HP-300x200.jpg 300w, https:\/\/www.fidesco-international.org\/de\/wp-content\/uploads\/sites\/2\/2023\/12\/Gespraeche-am-Stand-HP-100x67.jpg 100w, https:\/\/www.fidesco-international.org\/de\/wp-content\/uploads\/sites\/2\/2023\/12\/Gespraeche-am-Stand-HP.jpg 394w\" sizes=\"auto, (max-width: 300px) 100vw, 300px\" \/><\/a> <a href=\"https:\/\/www.fidesco-international.org\/de\/wp-content\/uploads\/sites\/2\/2023\/12\/Nadine-und-Marlene-HP.jpg\"><img loading=\"lazy\" decoding=\"async\" class=\"alignnone size-medium wp-image-7428\" src=\"https:\/\/www.fidesco-international.org\/de\/wp-content\/uploads\/sites\/2\/2023\/12\/Nadine-und-Marlene-HP-300x200.jpg\" alt=\"\" width=\"300\" height=\"200\" srcset=\"https:\/\/www.fidesco-international.org\/de\/wp-content\/uploads\/sites\/2\/2023\/12\/Nadine-und-Marlene-HP-300x200.jpg 300w, https:\/\/www.fidesco-international.org\/de\/wp-content\/uploads\/sites\/2\/2023\/12\/Nadine-und-Marlene-HP-100x67.jpg 100w, https:\/\/www.fidesco-international.org\/de\/wp-content\/uploads\/sites\/2\/2023\/12\/Nadine-und-Marlene-HP.jpg 394w\" sizes=\"auto, (max-width: 300px) 100vw, 300px\" \/><\/a><\/p>\n<p>&nbsp;<\/p>\n","protected":false},"excerpt":{"rendered":"<p>Ja, wir sind auch wieder dabei bei der MEHR. Zusammen mit der Gemeinschaft Emmanuel sind wir am Stand 7D42 zu finden. Auf dem Beitragsfoto oben fehlt aber noch etwas ganz wichtiges, n\u00e4mlich Sie. Wir freuen uns darauf Sie kennenzulernen, gute Gespr\u00e4che zu f\u00fchren und Ihnen zu erz\u00e4hlen, wie man mit Fidesco in katholischen Projekten ein [&hellip;]<\/p>\n","protected":false},"author":9,"featured_media":7422,"comment_status":"closed","ping_status":"open","sticky":false,"template":"","format":"standard","meta":{"footnotes":""},"categories":[1],"tags":[],"class_list":["post-7421","post","type-post","status-publish","format-standard","has-post-thumbnail","hentry","category-uncategorized"],"acf":[],"_links":{"self":[{"href":"https:\/\/www.fidesco-international.org\/de\/wp-json\/wp\/v2\/posts\/7421","targetHints":{"allow":["GET"]}}],"collection":[{"href":"https:\/\/www.fidesco-international.org\/de\/wp-json\/wp\/v2\/posts"}],"about":[{"href":"https:\/\/www.fidesco-international.org\/de\/wp-json\/wp\/v2\/types\/post"}],"author":[{"embeddable":true,"href":"https:\/\/www.fidesco-international.org\/de\/wp-json\/wp\/v2\/users\/9"}],"replies":[{"embeddable":true,"href":"https:\/\/www.fidesco-international.org\/de\/wp-json\/wp\/v2\/comments?post=7421"}],"version-history":[{"count":3,"href":"https:\/\/www.fidesco-international.org\/de\/wp-json\/wp\/v2\/posts\/7421\/revisions"}],"predecessor-version":[{"id":7429,"href":"https:\/\/www.fidesco-international.org\/de\/wp-json\/wp\/v2\/posts\/7421\/revisions\/7429"}],"wp:featuredmedia":[{"embeddable":true,"href":"https:\/\/www.fidesco-international.org\/de\/wp-json\/wp\/v2\/media\/7422"}],"wp:attachment":[{"href":"https:\/\/www.fidesco-international.org\/de\/wp-json\/wp\/v2\/media?parent=7421"}],"wp:term":[{"taxonomy":"category","embeddable":true,"href":"https:\/\/www.fidesco-international.org\/de\/wp-json\/wp\/v2\/categories?post=7421"},{"taxonomy":"post_tag","embeddable":true,"href":"https:\/\/www.fidesco-international.org\/de\/wp-json\/wp\/v2\/tags?post=7421"}],"curies":[{"name":"wp","href":"https:\/\/api.w.org\/{rel}","templated":true}]}}