{"id":1524,"date":"2022-11-05T15:42:45","date_gmt":"2022-11-05T15:42:45","guid":{"rendered":"https:\/\/www.fidesco-international.org\/pt\/?p=1524"},"modified":"2022-11-20T18:47:11","modified_gmt":"2022-11-20T18:47:11","slug":"sessoes-descoberta-2022-23","status":"publish","type":"post","link":"https:\/\/www.fidesco-international.org\/pt\/sessoes-descoberta-2022-23\/","title":{"rendered":"Sess\u00f5es Descoberta 2022-23"},"content":{"rendered":"<p>Boa tarde a todos os amigos da Fidesco!<\/p>\n<p>Estamos a come\u00e7ar, nas v\u00e1rias Fidescos dos diferentes pa\u00edses, a caminhada de descoberta, prepara\u00e7\u00e3o e discernimento de um novo grupo de volunt\u00e1rios, que partir\u00e3o em miss\u00e3o a partir do pr\u00f3ximo ver\u00e3o.<\/p>\n<p>Em Portugal vai haver 2<strong>\u00a0Sess\u00f5es Descoberta online<\/strong>: nos dias 6 de Dezembro e 8 de Janeiro.<\/p>\n<p>Pedimos aos interessados que se inscrevam, podem faz\u00ea-lo atrav\u00e9s dos links:<\/p>\n<p><a href=\"https:\/\/www.fidesco-international.org\/pt\/evt\/sessao-descoberta-fidesco-online-6-dez-2022\/\" target=\"_blank\" rel=\"noopener\">Inscri\u00e7\u00f5es Sess\u00e3o dia 6 de Dezembro<\/a><\/p>\n<p><a href=\"https:\/\/www.fidesco-international.org\/pt\/evt\/sessao-descoberta-fidesco-online-08-jan-2023\/\">Inscri\u00e7\u00f5es Sess\u00e3o dia 8 de Janeiro<\/a><\/p>\n<div class=\"su-youtube su-u-responsive-media-yes\"><iframe loading=\"lazy\" width=\"600\" height=\"400\" src=\"https:\/\/www.youtube.com\/embed\/aLdswwIGSJo?\" frameborder=\"0\" allowfullscreen allow=\"autoplay; encrypted-media; picture-in-picture\" title=\"Sess\u00f5es Descoberta Fidesco 2022-23\"><\/iframe><\/div>\n<p>Os candidatos que depois das sess\u00f5es descoberta online tenham interesse em partir em miss\u00e3o com a Fidesco, ou que pelo menos queriam aprofundar a quest\u00e3o, ser\u00e3o convidados para uma segunda sess\u00e3o presencial no in\u00edcio de fevereiro (os detalhes concretos podem ser ajustados em fun\u00e7\u00e3o dos participantes).<\/p>\n<p>Desejamos a todos um bom fim de semana!<br \/>\nPela equipa da Fidesco em Portugal,<\/p>\n<p>Ricardo Silva<\/p>\n","protected":false},"excerpt":{"rendered":"<p>Boa tarde a todos os amigos da Fidesco! Estamos a come\u00e7ar, nas v\u00e1rias Fidescos dos diferentes pa\u00edses, a caminhada de descoberta, prepara\u00e7\u00e3o e discernimento de um novo grupo de volunt\u00e1rios, que partir\u00e3o em miss\u00e3o a partir do pr\u00f3ximo ver\u00e3o. Em Portugal vai haver 2\u00a0Sess\u00f5es Descoberta online: nos dias 6 de Dezembro e 8 de Janeiro. [&hellip;]<\/p>\n","protected":false},"author":14,"featured_media":0,"comment_status":"closed","ping_status":"open","sticky":false,"template":"","format":"standard","meta":{"footnotes":""},"categories":[1],"tags":[],"class_list":["post-1524","post","type-post","status-publish","format-standard","hentry","category-uncategorized"],"acf":[],"_links":{"self":[{"href":"https:\/\/www.fidesco-international.org\/pt\/wp-json\/wp\/v2\/posts\/1524","targetHints":{"allow":["GET"]}}],"collection":[{"href":"https:\/\/www.fidesco-international.org\/pt\/wp-json\/wp\/v2\/posts"}],"about":[{"href":"https:\/\/www.fidesco-international.org\/pt\/wp-json\/wp\/v2\/types\/post"}],"author":[{"embeddable":true,"href":"https:\/\/www.fidesco-international.org\/pt\/wp-json\/wp\/v2\/users\/14"}],"replies":[{"embeddable":true,"href":"https:\/\/www.fidesco-international.org\/pt\/wp-json\/wp\/v2\/comments?post=1524"}],"version-history":[{"count":7,"href":"https:\/\/www.fidesco-international.org\/pt\/wp-json\/wp\/v2\/posts\/1524\/revisions"}],"predecessor-version":[{"id":1545,"href":"https:\/\/www.fidesco-international.org\/pt\/wp-json\/wp\/v2\/posts\/1524\/revisions\/1545"}],"wp:attachment":[{"href":"https:\/\/www.fidesco-international.org\/pt\/wp-json\/wp\/v2\/media?parent=1524"}],"wp:term":[{"taxonomy":"category","embeddable":true,"href":"https:\/\/www.fidesco-international.org\/pt\/wp-json\/wp\/v2\/categories?post=1524"},{"taxonomy":"post_tag","embeddable":true,"href":"https:\/\/www.fidesco-international.org\/pt\/wp-json\/wp\/v2\/tags?post=1524"}],"curies":[{"name":"wp","href":"https:\/\/api.w.org\/{rel}","templated":true}]}}